{"id":17133,"date":"2025-04-16T10:07:05","date_gmt":"2025-04-16T08:07:05","guid":{"rendered":"https:\/\/badnord.com\/?p=17133"},"modified":"2025-04-17T09:20:10","modified_gmt":"2025-04-17T07:20:10","slug":"championnats-de-france-jeunes-2025-les-talents-du-nord-prets-a-briller","status":"publish","type":"post","link":"https:\/\/badnord.com\/?p=17133","title":{"rendered":"Championnats de France Jeunes 2025 : les talents du Nord pr\u00eats \u00e0 briller !"},"content":{"rendered":"\t\t<div data-elementor-type=\"wp-post\" data-elementor-id=\"17133\" class=\"elementor elementor-17133\" data-elementor-post-type=\"post\">\n\t\t\t\t\t\t<section class=\"elementor-section elementor-top-section elementor-element elementor-element-af98cb8 elementor-section-boxed elementor-section-height-default elementor-section-height-default\" data-id=\"af98cb8\" data-element_type=\"section\" data-e-type=\"section\">\n\t\t\t\t\t\t<div class=\"elementor-container elementor-column-gap-default\">\n\t\t\t\t\t<div class=\"elementor-column elementor-col-100 elementor-top-column elementor-element elementor-element-34dc3c3\" data-id=\"34dc3c3\" data-element_type=\"column\" data-e-type=\"column\">\n\t\t\t<div class=\"elementor-widget-wrap elementor-element-populated\">\n\t\t\t\t\t\t<div class=\"elementor-element elementor-element-86ca596 elementor-widget__width-initial elementor-widget elementor-widget-text-editor\" data-id=\"86ca596\" data-element_type=\"widget\" data-e-type=\"widget\" data-widget_type=\"text-editor.default\">\n\t\t\t\t<div class=\"elementor-widget-container\">\n\t\t\t\t\t\t\t\t\t<p class=\"\" data-start=\"313\" data-end=\"553\"><br \/>Les jeunes joueuses et joueurs des clubs du Nord seront pr\u00e9sents en nombre aux <strong data-start=\"392\" data-end=\"430\">Championnats de France Jeunes 2025<\/strong> qui se d\u00e9rouleront \u00e0 <strong data-start=\"452\" data-end=\"477\">Saint-Maur-des-Foss\u00e9s<\/strong>, lors des <strong data-start=\"488\" data-end=\"526\">phases qualificatives (26-27 avril)<\/strong> et <strong data-start=\"530\" data-end=\"552\">finales (23-25 mai) \u00e0 Chambly<\/strong>.<\/p><p class=\"\" data-start=\"555\" data-end=\"742\">Que ce soit en <strong data-start=\"570\" data-end=\"581\">simples<\/strong>, en <strong data-start=\"586\" data-end=\"597\">doubles<\/strong> ou en <strong data-start=\"604\" data-end=\"614\">mixtes<\/strong>, les repr\u00e9sentants nordistes d\u00e9montrent une belle dynamique de formation et une pr\u00e9sence affirm\u00e9e dans toutes les cat\u00e9gories.<\/p><p><img decoding=\"async\" class=\"emoji\" role=\"img\" draggable=\"false\" src=\"https:\/\/s.w.org\/images\/core\/emoji\/15.0.3\/svg\/1f389.svg\" alt=\"\ud83c\udf89\" \/> F\u00e9licitations \u00e0 tous les jeunes s\u00e9lectionn\u00e9s ainsi qu\u2019aux clubs, entra\u00eeneurs, encadrants et familles qui les accompagnent au quotidien.<br \/><br data-start=\"2927\" data-end=\"2930\" \/>L<b>e Nord peut \u00eatre fier de cette belle g\u00e9n\u00e9ration qui portera haut les couleurs de notre territoire sur la sc\u00e8ne nationale.<br \/><span data-start=\"3054\" data-end=\"3089\">Bonne chance \u00e0 toutes et tous !<\/span><\/b><\/p><p class=\"\" data-start=\"3091\" data-end=\"3172\">#BadNord #ChampionnatsDeFranceJeunes #G\u00e9n\u00e9rationBad #Formation #FiersDuNord<\/p>\t\t\t\t\t\t\t\t<\/div>\n\t\t\t\t<\/div>\n\t\t\t\t\t<\/div>\n\t\t<\/div>\n\t\t\t\t\t<\/div>\n\t\t<\/section>\n\t\t\t\t<section class=\"elementor-section elementor-top-section elementor-element elementor-element-74818fb elementor-section-boxed elementor-section-height-default elementor-section-height-default\" data-id=\"74818fb\" data-element_type=\"section\" data-e-type=\"section\">\n\t\t\t\t\t\t<div class=\"elementor-container elementor-column-gap-default\">\n\t\t\t\t\t<div class=\"elementor-column elementor-col-50 elementor-top-column elementor-element elementor-element-266ecd4\" data-id=\"266ecd4\" data-element_type=\"column\" data-e-type=\"column\">\n\t\t\t<div class=\"elementor-widget-wrap elementor-element-populated\">\n\t\t\t\t\t\t<div class=\"elementor-element elementor-element-ba4f49c elementor-widget__width-initial elementor-widget elementor-widget-text-editor\" data-id=\"ba4f49c\" data-element_type=\"widget\" data-e-type=\"widget\" data-widget_type=\"text-editor.default\">\n\t\t\t\t<div class=\"elementor-widget-container\">\n\t\t\t\t\t\t\t\t\t<h6 data-start=\"749\" data-end=\"796\">\u00a0<\/h6><h6 data-start=\"749\" data-end=\"796\"><img decoding=\"async\" class=\"emoji\" role=\"img\" draggable=\"false\" src=\"https:\/\/s.w.org\/images\/core\/emoji\/15.0.3\/svg\/1f539.svg\" alt=\"\ud83d\udd39\" \/>\u00a0<strong>Phase Qualificative \u2013 26 &amp; 27 avril 2025<\/strong><\/h6><p class=\"\" data-start=\"798\" data-end=\"815\"><strong data-start=\"798\" data-end=\"815\"><span style=\"text-decoration: underline;\">\u00a0Cat\u00e9gorie U13<\/span><\/strong><\/p><p><strong data-start=\"798\" data-end=\"815\">\u00a0Simples Dames :<br \/><\/strong>\u00a0\u00a0 * Romane Masquelier (Hem)<br \/>\u00a0\u00a0 * M\u00e9lina Devos (Gravelines)<\/p><p class=\"\" data-start=\"896\" data-end=\"917\"><strong data-start=\"896\" data-end=\"915\">\u00a0Doubles Dames :<br \/><\/strong>\u00a0\u00a0 * Romane Masquelier (Hem) &amp; M\u00e9lina Devos (Gravelines)<br \/>\u00a0\u00a0 * Xuyang Chen (Hem) &amp; Souma\u00efa Ineflas (Fenain-Somain)<\/p><p class=\"\" data-start=\"1029\" data-end=\"1049\"><strong data-start=\"1029\" data-end=\"1047\">\u00a0Double Mixte :<br \/><\/strong>\u00a0\u00a0 * M\u00e9lina Devos (Gravelines)<\/p><p class=\"\" data-start=\"1111\" data-end=\"1128\"><strong data-start=\"1111\" data-end=\"1128\"><span style=\"text-decoration: underline;\">\u00a0Cat\u00e9gorie U15<\/span><\/strong><\/p><p><strong data-start=\"1111\" data-end=\"1128\">\u00a0Simple Dame :<br \/><\/strong>\u00a0\u00a0 * Mahonie Plantefeve (Roubaix)<\/p><p class=\"\" data-start=\"1182\" data-end=\"1202\"><strong data-start=\"1182\" data-end=\"1200\">\u00a0Double Dames :<br \/><\/strong>\u00a0\u00a0 * Mahonie Plantefeve (Roubaix)<br \/>\u00a0\u00a0 * Colyne Kaczmarek (Lezennes)<br \/>\u00a0\u00a0 * Z\u00e9lie Dhaene (Fenain-Somain) &amp; Zo\u00e9 Warot (Wambrechies-Marquette)<br \/><strong data-start=\"1390\" data-end=\"1408\"><br \/>\u00a0Double Mixte :<br \/><\/strong>\u00a0\u00a0 * Mahonie Plantefeve (Roubaix)<br \/>\u00a0\u00a0 * Emilien Mathieu (Hem)<\/p><p class=\"\" data-start=\"1528\" data-end=\"1545\"><strong data-start=\"1528\" data-end=\"1545\"><span style=\"text-decoration: underline;\">\u00a0Cat\u00e9gorie U17<br \/><\/span> <br \/>\u00a0Simple Messieurs :<br \/>\u00a0\u00a0 * <\/strong>Luka Simon-Caron (Hem)<\/p><p class=\"\" data-start=\"1598\" data-end=\"1618\"><strong data-start=\"1598\" data-end=\"1616\">\u00a0Simple Dames :<br \/><\/strong>\u00a0\u00a0 * Lou Nivon (Roubaix)<\/p><p class=\"\" data-start=\"1642\" data-end=\"1666\"><strong data-start=\"1642\" data-end=\"1664\">\u00a0Double Messieurs :<br \/><\/strong>\u00a0\u00a0 * Nakha Namsavang (Roubaix) &amp; Adrien Denis (Allennes-les-Marais)<br \/>\u00a0\u00a0 * L\u00e9o Quaeybeur (Hem) &amp; Luka Simon-Caron (Hem)<\/p><p class=\"\" data-start=\"1782\" data-end=\"1802\"><strong data-start=\"1782\" data-end=\"1800\">\u00a0Double Dames :<br \/><\/strong>\u00a0\u00a0 * Lou Nivon (Roubaix) &amp; Valentine Thiery (Mons-en-Bar\u0153ul)<\/p><p class=\"\" data-start=\"1862\" data-end=\"1882\"><strong data-start=\"1862\" data-end=\"1880\">\u00a0Double Mixte :<br \/><\/strong>\u00a0\u00a0 * Valentine Thiery (Mons-en-Bar\u0153ul)<\/p><p><span style=\"text-decoration: underline;\"><strong data-start=\"1952\" data-end=\"1969\">\u00a0Cat\u00e9gorie U19<\/strong><\/span><\/p><p class=\"\" data-start=\"1971\" data-end=\"1990\"><strong data-start=\"1971\" data-end=\"1988\">\u00a0Simple Dame :<br \/><\/strong>\u00a0\u00a0 * Farah Debeche (Hem)<\/p><p class=\"\" data-start=\"2014\" data-end=\"2034\"><strong data-start=\"2014\" data-end=\"2032\">\u00a0Double Dames :<br \/><\/strong>\u00a0\u00a0 * Anouk Nivon (Roubaix)<\/p><p class=\"\" data-start=\"2085\" data-end=\"2105\"><strong data-start=\"2085\" data-end=\"2103\">\u00a0Double Mixte :<br \/><\/strong>\u00a0\u00a0 * Marine Bouriez (Marchiennes)<\/p>\t\t\t\t\t\t\t\t<\/div>\n\t\t\t\t<\/div>\n\t\t\t\t\t<\/div>\n\t\t<\/div>\n\t\t\t\t<div class=\"elementor-column elementor-col-50 elementor-top-column elementor-element elementor-element-9cdff69\" data-id=\"9cdff69\" data-element_type=\"column\" data-e-type=\"column\">\n\t\t\t<div class=\"elementor-widget-wrap elementor-element-populated\">\n\t\t\t\t\t\t<div class=\"elementor-element elementor-element-8da2157 elementor-widget elementor-widget-text-editor\" data-id=\"8da2157\" data-element_type=\"widget\" data-e-type=\"widget\" data-widget_type=\"text-editor.default\">\n\t\t\t\t<div class=\"elementor-widget-container\">\n\t\t\t\t\t\t\t\t\t<h6 data-start=\"2170\" data-end=\"2211\"><br><strong><\/strong><\/h6><h6 data-start=\"2170\" data-end=\"2211\"><strong><img decoding=\"async\" class=\"emoji\" role=\"img\" draggable=\"false\" src=\"https:\/\/s.w.org\/images\/core\/emoji\/15.0.3\/svg\/1f31f.svg\" alt=\"\ud83c\udf1f\"> Phase Finale \u2013 23 au 25 mai 2025 (Chambly)<\/strong><\/h6>\n<p>Jeunes qualifi\u00e9s directement en phase finale<br> en raison de leur classement national<\/p>\n<p class=\"\" data-start=\"2282\" data-end=\"2299\"><span style=\"text-decoration: underline;\"><strong data-start=\"2282\" data-end=\"2299\">&nbsp;Cat\u00e9gorie U15<\/strong><\/span><\/p>\n<p class=\"\" data-start=\"2301\" data-end=\"2325\"><strong data-start=\"2301\" data-end=\"2323\">&nbsp;Simple Messieurs :<br><\/strong>&nbsp;&nbsp; * Emilien Mathieu (Hem)<br><span style=\"text-decoration: underline;\"><strong data-start=\"2356\" data-end=\"2373\"><br>&nbsp;Cat\u00e9gorie U19<\/strong><\/span><\/p>\n<p class=\"\" data-start=\"2375\" data-end=\"2399\"><strong data-start=\"2375\" data-end=\"2397\">&nbsp;Simple Messieurs :<br><\/strong>&nbsp;&nbsp; * Nathan N\u2019GUYEN (Hem)<\/p>\n<p class=\"\" data-start=\"2424\" data-end=\"2444\"><strong data-start=\"2424\" data-end=\"2442\">&nbsp;Simple Dames :<br><\/strong>&nbsp;&nbsp; * Nina Ferron (La Bass\u00e9e)<br>&nbsp;&nbsp; * Marine Bouriez (Marchiennes)<\/p>\n<p class=\"\" data-start=\"2505\" data-end=\"2529\"><strong data-start=\"2505\" data-end=\"2527\">&nbsp;Double Messieurs :<br><\/strong>&nbsp;&nbsp; * Yvan Dernoncourt (Roubaix) et Tom Radenne (Gravelines)<\/p>\n<p class=\"\" data-start=\"2587\" data-end=\"2607\"><strong data-start=\"2587\" data-end=\"2605\">&nbsp;Double Dames :<br><\/strong>&nbsp;&nbsp; * Marine Bouriez et Lalie Truant (Marchiennes)<br>&nbsp;&nbsp; * Farah Debeche (Hem)&nbsp;<\/p>\n<p class=\"\" data-start=\"2706\" data-end=\"2726\"><strong data-start=\"2706\" data-end=\"2724\">&nbsp;Double Mixte :<br><\/strong>&nbsp;&nbsp; * Yvan Dernoncourt (Roubaix)<\/p>\t\t\t\t\t\t\t\t<\/div>\n\t\t\t\t<\/div>\n\t\t\t\t\t<\/div>\n\t\t<\/div>\n\t\t\t\t\t<\/div>\n\t\t<\/section>\n\t\t\t\t<\/div>\n\t\t","protected":false},"excerpt":{"rendered":"<p>Les jeunes joueuses et joueurs des clubs du Nord seront pr\u00e9sents en nombre aux Championnats de France Jeunes 2025 qui se d\u00e9rouleront \u00e0 Saint-Maur-des-Foss\u00e9s, lors des phases qualificative (26-27 avril) et finale (23-25 mai) \u00e0 Chambly.<\/p>\n<p>Que ce soit en simples, en doubles ou en mixtes, les repr\u00e9sentants nordistes d\u00e9montrent une belle dynamique de formation et une pr\u00e9sence affirm\u00e9e dans toutes les cat\u00e9gories.<\/p>\n","protected":false},"author":28,"featured_media":17144,"comment_status":"closed","ping_status":"closed","sticky":false,"template":"","format":"standard","meta":{"site-sidebar-layout":"default","site-content-layout":"","ast-site-content-layout":"default","site-content-style":"default","site-sidebar-style":"default","ast-global-header-display":"","ast-banner-title-visibility":"","ast-main-header-display":"","ast-hfb-above-header-display":"","ast-hfb-below-header-display":"","ast-hfb-mobile-header-display":"","site-post-title":"","ast-breadcrumbs-content":"","ast-featured-img":"","footer-sml-layout":"","ast-disable-related-posts":"","theme-transparent-header-meta":"","adv-header-id-meta":"","stick-header-meta":"","header-above-stick-meta":"","header-main-stick-meta":"","header-below-stick-meta":"","astra-migrate-meta-layouts":"set","ast-page-background-enabled":"default","ast-page-background-meta":{"desktop":{"background-color":"var(--ast-global-color-4)","background-image":"","background-repeat":"repeat","background-position":"center center","background-size":"auto","background-attachment":"scroll","background-type":"","background-media":"","overlay-type":"","overlay-color":"","overlay-opacity":"","overlay-gradient":""},"tablet":{"background-color":"","background-image":"","background-repeat":"repeat","background-position":"center center","background-size":"auto","background-attachment":"scroll","background-type":"","background-media":"","overlay-type":"","overlay-color":"","overlay-opacity":"","overlay-gradient":""},"mobile":{"background-color":"","background-image":"","background-repeat":"repeat","background-position":"center center","background-size":"auto","background-attachment":"scroll","background-type":"","background-media":"","overlay-type":"","overlay-color":"","overlay-opacity":"","overlay-gradient":""}},"ast-content-background-meta":{"desktop":{"background-color":"var(--ast-global-color-5)","background-image":"","background-repeat":"repeat","background-position":"center center","background-size":"auto","background-attachment":"scroll","background-type":"","background-media":"","overlay-type":"","overlay-color":"","overlay-opacity":"","overlay-gradient":""},"tablet":{"background-color":"var(--ast-global-color-5)","background-image":"","background-repeat":"repeat","background-position":"center center","background-size":"auto","background-attachment":"scroll","background-type":"","background-media":"","overlay-type":"","overlay-color":"","overlay-opacity":"","overlay-gradient":""},"mobile":{"background-color":"var(--ast-global-color-5)","background-image":"","background-repeat":"repeat","background-position":"center center","background-size":"auto","background-attachment":"scroll","background-type":"","background-media":"","overlay-type":"","overlay-color":"","overlay-opacity":"","overlay-gradient":""}},"footnotes":""},"categories":[61,49],"tags":[],"class_list":["post-17133","post","type-post","status-publish","format-standard","has-post-thumbnail","hentry","category-a-la-une","category-communication"],"_links":{"self":[{"href":"https:\/\/badnord.com\/index.php?rest_route=\/wp\/v2\/posts\/17133","targetHints":{"allow":["GET"]}}],"collection":[{"href":"https:\/\/badnord.com\/index.php?rest_route=\/wp\/v2\/posts"}],"about":[{"href":"https:\/\/badnord.com\/index.php?rest_route=\/wp\/v2\/types\/post"}],"author":[{"embeddable":true,"href":"https:\/\/badnord.com\/index.php?rest_route=\/wp\/v2\/users\/28"}],"replies":[{"embeddable":true,"href":"https:\/\/badnord.com\/index.php?rest_route=%2Fwp%2Fv2%2Fcomments&post=17133"}],"version-history":[{"count":24,"href":"https:\/\/badnord.com\/index.php?rest_route=\/wp\/v2\/posts\/17133\/revisions"}],"predecessor-version":[{"id":17167,"href":"https:\/\/badnord.com\/index.php?rest_route=\/wp\/v2\/posts\/17133\/revisions\/17167"}],"wp:featuredmedia":[{"embeddable":true,"href":"https:\/\/badnord.com\/index.php?rest_route=\/wp\/v2\/media\/17144"}],"wp:attachment":[{"href":"https:\/\/badnord.com\/index.php?rest_route=%2Fwp%2Fv2%2Fmedia&parent=17133"}],"wp:term":[{"taxonomy":"category","embeddable":true,"href":"https:\/\/badnord.com\/index.php?rest_route=%2Fwp%2Fv2%2Fcategories&post=17133"},{"taxonomy":"post_tag","embeddable":true,"href":"https:\/\/badnord.com\/index.php?rest_route=%2Fwp%2Fv2%2Ftags&post=17133"}],"curies":[{"name":"wp","href":"https:\/\/api.w.org\/{rel}","templated":true}]}}